{"id":222,"date":"2018-10-19T10:11:15","date_gmt":"2018-10-19T10:11:15","guid":{"rendered":"https:\/\/www.landhotel-elfenhof.de\/?p=222"},"modified":"2019-07-15T06:07:56","modified_gmt":"2019-07-15T06:07:56","slug":"neue-webseite-ist-aktiv","status":"publish","type":"post","link":"https:\/\/www.landhotel-elfenhof.de\/fr\/neue-webseite-ist-aktiv\/","title":{"rendered":"Neue Webseite ist aktiv"},"content":{"rendered":"<p>Die neue Webseite des Landhotel-Elfenhof ist nun aktiviert. Es sind einige Neuigkeiten auf der Seite. Die gr\u00f6\u00dfte \u00c4nderung ist das neue Design und die Bedienbarkeit von Mobiltelefon, Tablet-PC und nat\u00fcrlich von normalen PCs.<\/p>\n<p><!--more--><\/p>\n<p>In der vergangenen Woche wurden vom Elefenhof und von den Zimmern aktuelle Fotos gemacht. Diese sind bereits oder werden in K\u00fcrze hier auf der Seite eingebaut. Zuk\u00fcnftig wird es noch weitere Funktionen geben, wie beispielsweise diesen Blog und die Integration in \u00ab\u00a0social Media\u00a0\u00bb.<\/p>\n<p>Nun w\u00fcnschen wir viel Spa\u00df auf der neuen Seite. Zu Fragen und Anregungen nutzen Sie bitte das <a href=\"https:\/\/www.landhotel-elfenhof.de\/kontakt\/\">Kontaktformular<\/a>.<\/p>\n","protected":false},"excerpt":{"rendered":"<p>Die neue Webseite des Landhotel-Elfenhof ist nun aktiviert. Es sind einige Neuigkeiten auf der Seite. Die gr\u00f6\u00dfte \u00c4nderung ist das neue Design und die Bedienbarkeit von Mobiltelefon, Tablet-PC und nat\u00fcrlich von normalen PCs.<\/p>\n","protected":false},"author":1,"featured_media":106,"comment_status":"open","ping_status":"closed","sticky":false,"template":"","format":"standard","meta":{"footnotes":""},"categories":[7],"tags":[],"class_list":["post-222","post","type-post","status-publish","format-standard","has-post-thumbnail","hentry","category-neuigkeiten"],"translation":{"provider":"WPGlobus","version":"3.0.0","language":"fr","enabled_languages":["de","en","fr"],"languages":{"de":{"title":true,"content":true,"excerpt":false},"en":{"title":false,"content":false,"excerpt":false},"fr":{"title":false,"content":false,"excerpt":false}}},"_links":{"self":[{"href":"https:\/\/www.landhotel-elfenhof.de\/fr\/wp-json\/wp\/v2\/posts\/222","targetHints":{"allow":["GET"]}}],"collection":[{"href":"https:\/\/www.landhotel-elfenhof.de\/fr\/wp-json\/wp\/v2\/posts"}],"about":[{"href":"https:\/\/www.landhotel-elfenhof.de\/fr\/wp-json\/wp\/v2\/types\/post"}],"author":[{"embeddable":true,"href":"https:\/\/www.landhotel-elfenhof.de\/fr\/wp-json\/wp\/v2\/users\/1"}],"replies":[{"embeddable":true,"href":"https:\/\/www.landhotel-elfenhof.de\/fr\/wp-json\/wp\/v2\/comments?post=222"}],"version-history":[{"count":3,"href":"https:\/\/www.landhotel-elfenhof.de\/fr\/wp-json\/wp\/v2\/posts\/222\/revisions"}],"predecessor-version":[{"id":228,"href":"https:\/\/www.landhotel-elfenhof.de\/fr\/wp-json\/wp\/v2\/posts\/222\/revisions\/228"}],"wp:featuredmedia":[{"embeddable":true,"href":"https:\/\/www.landhotel-elfenhof.de\/fr\/wp-json\/wp\/v2\/media\/106"}],"wp:attachment":[{"href":"https:\/\/www.landhotel-elfenhof.de\/fr\/wp-json\/wp\/v2\/media?parent=222"}],"wp:term":[{"taxonomy":"category","embeddable":true,"href":"https:\/\/www.landhotel-elfenhof.de\/fr\/wp-json\/wp\/v2\/categories?post=222"},{"taxonomy":"post_tag","embeddable":true,"href":"https:\/\/www.landhotel-elfenhof.de\/fr\/wp-json\/wp\/v2\/tags?post=222"}],"curies":[{"name":"wp","href":"https:\/\/api.w.org\/{rel}","templated":true}]}}